{"id":6414,"date":"2017-07-17T11:50:06","date_gmt":"2017-07-17T11:50:06","guid":{"rendered":"https:\/\/www.afprofilters.com\/?p=6414\/"},"modified":"2017-07-17T12:08:21","modified_gmt":"2017-07-17T12:08:21","slug":"syndrom-chorego-budynku-a-wplyw-nowej-normy-iso-16890-na-filtracje-powietrza-wewnatrz-budynkow","status":"publish","type":"post","link":"https:\/\/www.afprofilters.com\/pl\/syndrom-chorego-budynku-a-wplyw-nowej-normy-iso-16890-na-filtracje-powietrza-wewnatrz-budynkow\/","title":{"rendered":"SYNDROM CHOREGO BUDYNKU, A WP\u0141YW NOWEJ NORMY ISO 16890 NA FILTRACJ\u0118 POWIETRZA WEWN\u0104TRZ BUDYNK\u00d3W"},"content":{"rendered":"<p>Czy kiedykolwiek zastanawia\u0142e\u015b si\u0119 nad tym ile czasu przeci\u0119ty mieszkaniec Polski sp\u0119dza ci\u0105gu ca\u0142ego swojego \u017cycia wewn\u0105trz budynku? Odpowied\u017a znajdziesz w tym artykule oraz dowiesz si\u0119 mi\u0119dzy innymi:<\/p>\n<ul>\n<li>Co oznacza \u201esyndrom chorego budynku\u201d?<\/li>\n<li>O jakich budynkach mowa?<\/li>\n<li>Czym s\u0105 \u201enieodpowiednie pomieszczenia\u201d?<\/li>\n<li>Jakie s\u0105 przyczyny z\u0142ych parametr\u00f3w fizycznych powietrza?<\/li>\n<li>Jakie s\u0105 objawy i w nast\u0119pstwie dolegliwo\u015bci zdrowotne?<\/li>\n<li>Jakie s\u0105 skutki?<\/li>\n<li>Jak temu przeciwdzia\u0142a\u0107?<\/li>\n<\/ul>\n<p><strong>Czym tak naprawd\u0119 jest syndrom chorego budynku?<\/strong><\/p>\n<p>Syndrom chorego budynku (ang. sick building syndrome) to zagro\u017cenia zdrowia zwi\u0105zane z prac\u0105 i pobytem w nieodpowiednich pomieszczeniach zamkni\u0119tych. Poj\u0119cie to powsta\u0142o na skutek zaobserwowanych u niekt\u00f3rych pracownik\u00f3w biurowych trudnych do wyja\u015bnienia objaw\u00f3w chorobowych, kt\u00f3re w du\u017cej mierze ust\u0119powa\u0142y po opuszczeniu przez nich miejsca pracy.<\/p>\n<p><strong>Je\u017celi m\u00f3wimy o budynku to warto zastanowi\u0107 si\u0119 o jakich miejscach mowa? Czy s\u0105 to biurowce? Apartamentowce? Czy mo\u017ce jeszcze zupe\u0142nie co\u015b innego?<\/strong><\/p>\n<p>Drogi czytelniku gdy m\u00f3wimy o budynkach mamy na my\u015bli <strong><em>wszystkie<\/em><\/strong> budynki, czyli te kt\u00f3re ju\u017c zosta\u0142y wymienione, jak r\u00f3wnie\u017c szpitale gdzie przebywaj\u0105 chorzy i odwiedzaj\u0105cy; przedszkola, szko\u0142y i uczelnie, gdzie przebywaj\u0105 nasze dzieci, jak r\u00f3wnie\u017c muzea, hotele, si\u0142ownie fitness i terminale lotniska. Teraz pomy\u015bl w ilu takich budynkach by\u0142e\u015b wczoraj, w minionym tygodniu i w minionych 2 miesi\u0105cach? Czy s\u0105 w\u015br\u00f3d nich miejsca gdzie jeste\u015b codziennie i sp\u0119dzasz tam wi\u0119kszo\u015b\u0107 swojego czasu? Tak, w\u0142a\u015bnie, najnowsze badania wskazuj\u0105 na to, \u017ce przeci\u0119tny cz\u0142owiek w swoim \u017cyciu \u015brednio 90% swojego czasu sp\u0119dza w budynkach, b\u0105d\u017a pomieszczeniach zamkni\u0119tych. Od 2010 roku liczba ta wzros\u0142a z 80% do 90% i jest to \u015bci\u015ble zwi\u0105zane z post\u0119pem w zakresie technologii.<\/p>\n<p>Podczas przebywania w budynku o nieodpowiednich parametrach fizycznych mo\u017cemy odczuwa\u0107 dyskomfort psychiczny i dolegliwo\u015bci fizyczne. Elementy, sk\u0142adaj\u0105ce si\u0119 na wywo\u0142ywanie uczucia dyskomfortu to g\u0142\u00f3wnie z\u0142a jako\u015b\u0107 powietrza, ale r\u00f3wnie\u017c wilgotno\u015b\u0107, temperatura, zagrzybienie, zbyt wysoki poziom metali ci\u0119\u017ckich w powietrzu, jak r\u00f3wnie\u017c ha\u0142as, z\u0142e o\u015bwietlenie czy wibracje.<\/p>\n<p>Czynniki maj\u0105ce wp\u0142yw na parametry fizyczne s\u0105 r\u00f3\u017cne i charakteryzuj\u0119 si\u0119 sezonowo\u015bci\u0105. Mog\u0105 by\u0107 to zanieczyszczenia chemiczne wewn\u0119trzne emitowane przez materia\u0142y budowlane; jak r\u00f3wnie\u017c chemiczne zanieczyszczenia zewn\u0119trzne dostaj\u0105ce si\u0119 do budynku wraz z cyrkulacj\u0105 powietrza, takie jak spaliny samochod\u00f3w i samolot\u00f3w. Zarazem wyr\u00f3\u017cniamy zanieczyszczenia biologiczne, takie jak py\u0142ki ro\u015blin, na kt\u00f3re wielu z nas ma alergi\u0119.<\/p>\n<p>Wszystkie te \u017ar\u00f3d\u0142a zanieczyszcze\u0144 przedostaj\u0105ce si\u0119 do wn\u0119trza budynku powoduj\u0105 \u017ce u\u017cytkownicy tych budynk\u00f3w cz\u0119sto skar\u017c\u0105 si\u0119 na takie objawy somatyczne jak b\u00f3le g\u0142owy, podra\u017cnienie oczu, nosa i gard\u0142a, suchy kaszel, przesuszenie i \u0142uszczenie sk\u00f3ry, zawroty g\u0142owy i md\u0142o\u015bci, trudno\u015bci z koncentracj\u0105, zm\u0119czenie i nadwra\u017cliwo\u015b\u0107 na zapachy.<\/p>\n<p>Wyst\u0119powanie tych objaw\u00f3w jest \u015bci\u015ble zwi\u0105zane z brakiem odpowiednich parament\u00f3w powietrza znajduj\u0105cego si\u0119 wewn\u0105trz budynku dlatego te\u017c nowa norma ISO 16890 dotycz\u0105ca filtracji powietrza wprowadza diametraln\u0105 zmian\u0119.<\/p>\n<p>Nowa norma wesz\u0142a w \u017cycie z pocz\u0105tkiem bie\u017c\u0105cego roku i do 2018 roku zast\u0105pi istniej\u0105ce przepisy prawne dotycz\u0105ce filtracji powietrza EN779: 2012.<\/p>\n<p><strong>Kolejne pytanie jakie nam si\u0119 nasuwa to: &#8222;Co to zonacza?&#8221;<\/strong><\/p>\n<p>Nowa norma ISO 16890 skupia si\u0119 na ochronie cz\u0142owieka przed najmniejszymi szkodliwymi cz\u0105steczkami py\u0142u zawieszonego* o wielko\u015bci mniejszej ni\u017c PM 1.0. Oznacza to, \u017ce zar\u00f3wno filtry powietrza jak i wymogi dotycz\u0105ce urz\u0105dze\u0144 wentylacji powietrza si\u0119 zmieni\u0105. B\u0119dzie to zmiana na korzy\u015b\u0107 dla zdrowia jednostki ludzkiej.<\/p>\n<p>Aby otrzyma\u0107 wi\u0119cej informacji na temat nowej normy z zakresu filtracji powietrza zapraszamy do przeczytania artyku\u0142u: \u201eZagro\u017cenia powstaj\u0105ce w wyniku du\u017cego st\u0119\u017cenie py\u0142u, a regulacje prawne ISO 16890\u201d\u00a0 <a href=\"http:\/\/www.afprofilters.pl\/zagrozenia-powstajace-w-wyniku-duzego-stezenia-pylu-a-regulacje-prawne-iso-16890\/\">czytaj dalej<\/a><\/p>\n<p>Zapraszamy r\u00f3wnie\u017c do obejrzenia filmu pt. \u201eW jaki spos\u00f3b mierzymy st\u0119\u017cenie py\u0142u zawieszonego w powietrzu?\u201d\u00a0 <a href=\"https:\/\/www.youtube.com\/watch?v=QgX2ltojeTc\">obejrzyj tutaj<\/a><\/p>\n<p>Oraz do kontaktu z nami <a href=\"mailto:sprzedaz@afprofilters.com\">sprzedaz@afprofilters.com<\/a> , z mi\u0142\u0105 ch\u0119ci\u0105 przybli\u017cymy Pa\u0144stwu tre\u015b\u0107 nowej normy ISO 16890 oraz jej wp\u0142yw na ca\u0142\u0105 tematyk\u0119 z zakresu filtracji powietrza.<\/p>\n<p>Celem tej publikacji jest ukazanie znaczenia odpowiedniej jako\u015bci powietrza w budynkach takich jak szpitale, szko\u0142y, biurowce i budynki mieszkalne.<\/p>\n<p><em>py\u0142 zawieszony \u2013 \u201epy\u0142 zawieszony jest mieszanin\u0105 cz\u0105stek sta\u0142ych i kropelek cieczy utrzymuj\u0105cych si\u0119 w powietrzu. Cz\u0105steczki te zawieraj\u0105 r\u00f3\u017cne sk\u0142adniki jak np.: siark\u0119, zwi\u0105zki organiczne (np. wielopier\u015bcieniowe w\u0119glowodory aromatyczne), metale ci\u0119\u017ckie, dioksyny oraz alergeny (takie jak py\u0142ki ro\u015blin i zarodniki grzyb\u00f3w). Py\u0142 PM10 zawiera cz\u0105stki o \u015brednicy mniejszej ni\u017c 10 \u00b5m, natomiast py\u0142 drobny PM2,5 cz\u0105stki o \u015brednicy mniejszej ni\u017c 2,5 \u00b5m2-5.\u201d<\/em>Tekst powsta\u0142 w oparciu o:<\/p>\n<p>&#8211; najnowsze badania przeprowadzone w naszym laboratorium w kt\u00f3rym testowane s\u0105 filtry powietrza zgodnie z norm\u0105 ISO 16890<\/p>\n<p>&#8211; materia\u0142y udost\u0119pnione przez National Safety Council &#8211; jest to ameryka\u0144ska organizacja powo\u0142an\u0105 do ochrony i promocji zdrowia<\/p>\n<p>&#8211; informacje opracowane przez Katedr\u0119 Epidemiologii Medycyny Zapobiegawczej UJ CM i opublikowane na stronie <em>http:\/\/smog.imgw.pl\/content\/health <\/em><\/p>\n","protected":false},"excerpt":{"rendered":"<p>Czy kiedykolwiek zastanawia\u0142e\u015b si\u0119 nad tym ile czasu przeci\u0119ty mieszkaniec Polski sp\u0119dza ci\u0105gu ca\u0142ego swojego \u017cycia wewn\u0105trz budynku? Odpowied\u017a znajdziesz w tym artykule oraz dowiesz si\u0119 mi\u0119dzy innymi: Co oznacza \u201esyndrom chorego budynku\u201d? O jakich budynkach mowa? Czym s\u0105 \u201enieodpowiednie pomieszczenia\u201d? Jakie s\u0105 przyczyny z\u0142ych parametr\u00f3w fizycznych powietrza? Jakie s\u0105 objawy i w nast\u0119pstwie dolegliwo\u015bci [&hellip;]<\/p>\n","protected":false},"author":2,"featured_media":6421,"comment_status":"open","ping_status":"open","sticky":false,"template":"","format":"standard","meta":{"_acf_changed":false,"footnotes":""},"categories":[86],"tags":[],"class_list":["post-6414","post","type-post","status-publish","format-standard","has-post-thumbnail","hentry","category-publikacje"],"acf":[],"yoast_head":"<!-- This site is optimized with the Yoast SEO plugin v27.3 - https:\/\/yoast.com\/product\/yoast-seo-wordpress\/ -->\n<title>SYNDROM CHOREGO BUDYNKU, A WP\u0141YW NOWEJ NORMY ISO 16890 NA FILTRACJ\u0118 POWIETRZA WEWN\u0104TRZ BUDYNK\u00d3W - AFPRO<\/title>\n<meta name=\"robots\" content=\"index, follow, max-snippet:-1, max-image-preview:large, max-video-preview:-1\" \/>\n<link rel=\"canonical\" href=\"https:\/\/www.afprofilters.com\/pl\/syndrom-chorego-budynku-a-wplyw-nowej-normy-iso-16890-na-filtracje-powietrza-wewnatrz-budynkow\/\" \/>\n<meta property=\"og:locale\" content=\"pl_PL\" \/>\n<meta property=\"og:type\" content=\"article\" \/>\n<meta property=\"og:title\" content=\"SYNDROM CHOREGO BUDYNKU, A WP\u0141YW NOWEJ NORMY ISO 16890 NA FILTRACJ\u0118 POWIETRZA WEWN\u0104TRZ BUDYNK\u00d3W - AFPRO\" \/>\n<meta property=\"og:description\" content=\"Czy kiedykolwiek zastanawia\u0142e\u015b si\u0119 nad tym ile czasu przeci\u0119ty mieszkaniec Polski sp\u0119dza ci\u0105gu ca\u0142ego swojego \u017cycia wewn\u0105trz budynku? Odpowied\u017a znajdziesz w tym artykule oraz dowiesz si\u0119 mi\u0119dzy innymi: Co oznacza \u201esyndrom chorego budynku\u201d? O jakich budynkach mowa? Czym s\u0105 \u201enieodpowiednie pomieszczenia\u201d? Jakie s\u0105 przyczyny z\u0142ych parametr\u00f3w fizycznych powietrza? Jakie s\u0105 objawy i w nast\u0119pstwie dolegliwo\u015bci [&hellip;]\" \/>\n<meta property=\"og:url\" content=\"https:\/\/www.afprofilters.com\/pl\/syndrom-chorego-budynku-a-wplyw-nowej-normy-iso-16890-na-filtracje-powietrza-wewnatrz-budynkow\/\" \/>\n<meta property=\"og:site_name\" content=\"AFPRO\" \/>\n<meta property=\"article:published_time\" content=\"2017-07-17T11:50:06+00:00\" \/>\n<meta property=\"article:modified_time\" content=\"2017-07-17T12:08:21+00:00\" \/>\n<meta property=\"og:image\" content=\"https:\/\/www.afprofilters.com\/wp-content\/uploads\/2017\/07\/Budynki_komercyjne_ISO16890_AFPRO_Filters-1024x683.jpg\" \/>\n\t<meta property=\"og:image:width\" content=\"1024\" \/>\n\t<meta property=\"og:image:height\" content=\"683\" \/>\n\t<meta property=\"og:image:type\" content=\"image\/jpeg\" \/>\n<meta name=\"author\" content=\"Camille Sabos\" \/>\n<meta name=\"twitter:card\" content=\"summary_large_image\" \/>\n<meta name=\"twitter:label1\" content=\"Napisane przez\" \/>\n\t<meta name=\"twitter:data1\" content=\"Camille Sabos\" \/>\n\t<meta name=\"twitter:label2\" content=\"Szacowany czas czytania\" \/>\n\t<meta name=\"twitter:data2\" content=\"4 minuty\" \/>\n<script type=\"application\/ld+json\" class=\"yoast-schema-graph\">{\"@context\":\"https:\\\/\\\/schema.org\",\"@graph\":[{\"@type\":\"Article\",\"@id\":\"https:\\\/\\\/www.afprofilters.com\\\/pl\\\/syndrom-chorego-budynku-a-wplyw-nowej-normy-iso-16890-na-filtracje-powietrza-wewnatrz-budynkow\\\/#article\",\"isPartOf\":{\"@id\":\"https:\\\/\\\/www.afprofilters.com\\\/pl\\\/syndrom-chorego-budynku-a-wplyw-nowej-normy-iso-16890-na-filtracje-powietrza-wewnatrz-budynkow\\\/\"},\"author\":{\"name\":\"Camille Sabos\",\"@id\":\"https:\\\/\\\/www.afprofilters.com\\\/pl\\\/#\\\/schema\\\/person\\\/d138fabdd8f877bd8aef32619aaab52c\"},\"headline\":\"SYNDROM CHOREGO BUDYNKU, A WP\u0141YW NOWEJ NORMY ISO 16890 NA FILTRACJ\u0118 POWIETRZA WEWN\u0104TRZ BUDYNK\u00d3W\",\"datePublished\":\"2017-07-17T11:50:06+00:00\",\"dateModified\":\"2017-07-17T12:08:21+00:00\",\"mainEntityOfPage\":{\"@id\":\"https:\\\/\\\/www.afprofilters.com\\\/pl\\\/syndrom-chorego-budynku-a-wplyw-nowej-normy-iso-16890-na-filtracje-powietrza-wewnatrz-budynkow\\\/\"},\"wordCount\":885,\"commentCount\":0,\"publisher\":{\"@id\":\"https:\\\/\\\/www.afprofilters.com\\\/pl\\\/#organization\"},\"image\":{\"@id\":\"https:\\\/\\\/www.afprofilters.com\\\/pl\\\/syndrom-chorego-budynku-a-wplyw-nowej-normy-iso-16890-na-filtracje-powietrza-wewnatrz-budynkow\\\/#primaryimage\"},\"thumbnailUrl\":\"https:\\\/\\\/www.afprofilters.com\\\/wp-content\\\/uploads\\\/2017\\\/07\\\/Budynki_komercyjne_ISO16890_AFPRO_Filters.jpg\",\"articleSection\":[\"Publikacje\"],\"inLanguage\":\"pl-PL\",\"potentialAction\":[{\"@type\":\"CommentAction\",\"name\":\"Comment\",\"target\":[\"https:\\\/\\\/www.afprofilters.com\\\/pl\\\/syndrom-chorego-budynku-a-wplyw-nowej-normy-iso-16890-na-filtracje-powietrza-wewnatrz-budynkow\\\/#respond\"]}]},{\"@type\":\"WebPage\",\"@id\":\"https:\\\/\\\/www.afprofilters.com\\\/pl\\\/syndrom-chorego-budynku-a-wplyw-nowej-normy-iso-16890-na-filtracje-powietrza-wewnatrz-budynkow\\\/\",\"url\":\"https:\\\/\\\/www.afprofilters.com\\\/pl\\\/syndrom-chorego-budynku-a-wplyw-nowej-normy-iso-16890-na-filtracje-powietrza-wewnatrz-budynkow\\\/\",\"name\":\"SYNDROM CHOREGO BUDYNKU, A WP\u0141YW NOWEJ NORMY ISO 16890 NA FILTRACJ\u0118 POWIETRZA WEWN\u0104TRZ BUDYNK\u00d3W - AFPRO\",\"isPartOf\":{\"@id\":\"https:\\\/\\\/www.afprofilters.com\\\/pl\\\/#website\"},\"primaryImageOfPage\":{\"@id\":\"https:\\\/\\\/www.afprofilters.com\\\/pl\\\/syndrom-chorego-budynku-a-wplyw-nowej-normy-iso-16890-na-filtracje-powietrza-wewnatrz-budynkow\\\/#primaryimage\"},\"image\":{\"@id\":\"https:\\\/\\\/www.afprofilters.com\\\/pl\\\/syndrom-chorego-budynku-a-wplyw-nowej-normy-iso-16890-na-filtracje-powietrza-wewnatrz-budynkow\\\/#primaryimage\"},\"thumbnailUrl\":\"https:\\\/\\\/www.afprofilters.com\\\/wp-content\\\/uploads\\\/2017\\\/07\\\/Budynki_komercyjne_ISO16890_AFPRO_Filters.jpg\",\"datePublished\":\"2017-07-17T11:50:06+00:00\",\"dateModified\":\"2017-07-17T12:08:21+00:00\",\"breadcrumb\":{\"@id\":\"https:\\\/\\\/www.afprofilters.com\\\/pl\\\/syndrom-chorego-budynku-a-wplyw-nowej-normy-iso-16890-na-filtracje-powietrza-wewnatrz-budynkow\\\/#breadcrumb\"},\"inLanguage\":\"pl-PL\",\"potentialAction\":[{\"@type\":\"ReadAction\",\"target\":[\"https:\\\/\\\/www.afprofilters.com\\\/pl\\\/syndrom-chorego-budynku-a-wplyw-nowej-normy-iso-16890-na-filtracje-powietrza-wewnatrz-budynkow\\\/\"]}]},{\"@type\":\"ImageObject\",\"inLanguage\":\"pl-PL\",\"@id\":\"https:\\\/\\\/www.afprofilters.com\\\/pl\\\/syndrom-chorego-budynku-a-wplyw-nowej-normy-iso-16890-na-filtracje-powietrza-wewnatrz-budynkow\\\/#primaryimage\",\"url\":\"https:\\\/\\\/www.afprofilters.com\\\/wp-content\\\/uploads\\\/2017\\\/07\\\/Budynki_komercyjne_ISO16890_AFPRO_Filters.jpg\",\"contentUrl\":\"https:\\\/\\\/www.afprofilters.com\\\/wp-content\\\/uploads\\\/2017\\\/07\\\/Budynki_komercyjne_ISO16890_AFPRO_Filters.jpg\",\"width\":5184,\"height\":3456},{\"@type\":\"BreadcrumbList\",\"@id\":\"https:\\\/\\\/www.afprofilters.com\\\/pl\\\/syndrom-chorego-budynku-a-wplyw-nowej-normy-iso-16890-na-filtracje-powietrza-wewnatrz-budynkow\\\/#breadcrumb\",\"itemListElement\":[{\"@type\":\"ListItem\",\"position\":1,\"name\":\"\",\"item\":\"https:\\\/\\\/www.afprofilters.com\\\/pl\\\/\"},{\"@type\":\"ListItem\",\"position\":2,\"name\":\"Publikacje\",\"item\":\"https:\\\/\\\/www.afprofilters.com\\\/pl\\\/category\\\/publikacje\\\/\"},{\"@type\":\"ListItem\",\"position\":3,\"name\":\"SYNDROM CHOREGO BUDYNKU, A WP\u0141YW NOWEJ NORMY ISO 16890 NA FILTRACJ\u0118 POWIETRZA WEWN\u0104TRZ BUDYNK\u00d3W\"}]},{\"@type\":\"WebSite\",\"@id\":\"https:\\\/\\\/www.afprofilters.com\\\/pl\\\/#website\",\"url\":\"https:\\\/\\\/www.afprofilters.com\\\/pl\\\/\",\"name\":\"AFPRO\",\"description\":\"AFPRO Filters\",\"publisher\":{\"@id\":\"https:\\\/\\\/www.afprofilters.com\\\/pl\\\/#organization\"},\"potentialAction\":[{\"@type\":\"SearchAction\",\"target\":{\"@type\":\"EntryPoint\",\"urlTemplate\":\"https:\\\/\\\/www.afprofilters.com\\\/pl\\\/?s={search_term_string}\"},\"query-input\":{\"@type\":\"PropertyValueSpecification\",\"valueRequired\":true,\"valueName\":\"search_term_string\"}}],\"inLanguage\":\"pl-PL\"},{\"@type\":\"Organization\",\"@id\":\"https:\\\/\\\/www.afprofilters.com\\\/pl\\\/#organization\",\"name\":\"AFPRO\",\"url\":\"https:\\\/\\\/www.afprofilters.com\\\/pl\\\/\",\"logo\":{\"@type\":\"ImageObject\",\"inLanguage\":\"pl-PL\",\"@id\":\"https:\\\/\\\/www.afprofilters.com\\\/pl\\\/#\\\/schema\\\/logo\\\/image\\\/\",\"url\":\"https:\\\/\\\/www.afprofilters.com\\\/wp-content\\\/uploads\\\/2021\\\/05\\\/AFPRO-logo.png\",\"contentUrl\":\"https:\\\/\\\/www.afprofilters.com\\\/wp-content\\\/uploads\\\/2021\\\/05\\\/AFPRO-logo.png\",\"width\":640,\"height\":177,\"caption\":\"AFPRO\"},\"image\":{\"@id\":\"https:\\\/\\\/www.afprofilters.com\\\/pl\\\/#\\\/schema\\\/logo\\\/image\\\/\"}},{\"@type\":\"Person\",\"@id\":\"https:\\\/\\\/www.afprofilters.com\\\/pl\\\/#\\\/schema\\\/person\\\/d138fabdd8f877bd8aef32619aaab52c\",\"name\":\"Camille Sabos\",\"image\":{\"@type\":\"ImageObject\",\"inLanguage\":\"pl-PL\",\"@id\":\"https:\\\/\\\/secure.gravatar.com\\\/avatar\\\/c289ca2dbede5b0489edc4cce9c53be6ebe135689ae3a0daea681083ca262ba4?s=96&d=mm&r=g\",\"url\":\"https:\\\/\\\/secure.gravatar.com\\\/avatar\\\/c289ca2dbede5b0489edc4cce9c53be6ebe135689ae3a0daea681083ca262ba4?s=96&d=mm&r=g\",\"contentUrl\":\"https:\\\/\\\/secure.gravatar.com\\\/avatar\\\/c289ca2dbede5b0489edc4cce9c53be6ebe135689ae3a0daea681083ca262ba4?s=96&d=mm&r=g\",\"caption\":\"Camille Sabos\"},\"url\":\"https:\\\/\\\/www.afprofilters.com\\\/pl\\\/author\\\/afpro-user\\\/\"}]}<\/script>\n<!-- \/ Yoast SEO plugin. -->","yoast_head_json":{"title":"SYNDROM CHOREGO BUDYNKU, A WP\u0141YW NOWEJ NORMY ISO 16890 NA FILTRACJ\u0118 POWIETRZA WEWN\u0104TRZ BUDYNK\u00d3W - AFPRO","robots":{"index":"index","follow":"follow","max-snippet":"max-snippet:-1","max-image-preview":"max-image-preview:large","max-video-preview":"max-video-preview:-1"},"canonical":"https:\/\/www.afprofilters.com\/pl\/syndrom-chorego-budynku-a-wplyw-nowej-normy-iso-16890-na-filtracje-powietrza-wewnatrz-budynkow\/","og_locale":"pl_PL","og_type":"article","og_title":"SYNDROM CHOREGO BUDYNKU, A WP\u0141YW NOWEJ NORMY ISO 16890 NA FILTRACJ\u0118 POWIETRZA WEWN\u0104TRZ BUDYNK\u00d3W - AFPRO","og_description":"Czy kiedykolwiek zastanawia\u0142e\u015b si\u0119 nad tym ile czasu przeci\u0119ty mieszkaniec Polski sp\u0119dza ci\u0105gu ca\u0142ego swojego \u017cycia wewn\u0105trz budynku? Odpowied\u017a znajdziesz w tym artykule oraz dowiesz si\u0119 mi\u0119dzy innymi: Co oznacza \u201esyndrom chorego budynku\u201d? O jakich budynkach mowa? Czym s\u0105 \u201enieodpowiednie pomieszczenia\u201d? Jakie s\u0105 przyczyny z\u0142ych parametr\u00f3w fizycznych powietrza? Jakie s\u0105 objawy i w nast\u0119pstwie dolegliwo\u015bci [&hellip;]","og_url":"https:\/\/www.afprofilters.com\/pl\/syndrom-chorego-budynku-a-wplyw-nowej-normy-iso-16890-na-filtracje-powietrza-wewnatrz-budynkow\/","og_site_name":"AFPRO","article_published_time":"2017-07-17T11:50:06+00:00","article_modified_time":"2017-07-17T12:08:21+00:00","og_image":[{"width":1024,"height":683,"url":"https:\/\/www.afprofilters.com\/wp-content\/uploads\/2017\/07\/Budynki_komercyjne_ISO16890_AFPRO_Filters-1024x683.jpg","type":"image\/jpeg"}],"author":"Camille Sabos","twitter_card":"summary_large_image","twitter_misc":{"Napisane przez":"Camille Sabos","Szacowany czas czytania":"4 minuty"},"schema":{"@context":"https:\/\/schema.org","@graph":[{"@type":"Article","@id":"https:\/\/www.afprofilters.com\/pl\/syndrom-chorego-budynku-a-wplyw-nowej-normy-iso-16890-na-filtracje-powietrza-wewnatrz-budynkow\/#article","isPartOf":{"@id":"https:\/\/www.afprofilters.com\/pl\/syndrom-chorego-budynku-a-wplyw-nowej-normy-iso-16890-na-filtracje-powietrza-wewnatrz-budynkow\/"},"author":{"name":"Camille Sabos","@id":"https:\/\/www.afprofilters.com\/pl\/#\/schema\/person\/d138fabdd8f877bd8aef32619aaab52c"},"headline":"SYNDROM CHOREGO BUDYNKU, A WP\u0141YW NOWEJ NORMY ISO 16890 NA FILTRACJ\u0118 POWIETRZA WEWN\u0104TRZ BUDYNK\u00d3W","datePublished":"2017-07-17T11:50:06+00:00","dateModified":"2017-07-17T12:08:21+00:00","mainEntityOfPage":{"@id":"https:\/\/www.afprofilters.com\/pl\/syndrom-chorego-budynku-a-wplyw-nowej-normy-iso-16890-na-filtracje-powietrza-wewnatrz-budynkow\/"},"wordCount":885,"commentCount":0,"publisher":{"@id":"https:\/\/www.afprofilters.com\/pl\/#organization"},"image":{"@id":"https:\/\/www.afprofilters.com\/pl\/syndrom-chorego-budynku-a-wplyw-nowej-normy-iso-16890-na-filtracje-powietrza-wewnatrz-budynkow\/#primaryimage"},"thumbnailUrl":"https:\/\/www.afprofilters.com\/wp-content\/uploads\/2017\/07\/Budynki_komercyjne_ISO16890_AFPRO_Filters.jpg","articleSection":["Publikacje"],"inLanguage":"pl-PL","potentialAction":[{"@type":"CommentAction","name":"Comment","target":["https:\/\/www.afprofilters.com\/pl\/syndrom-chorego-budynku-a-wplyw-nowej-normy-iso-16890-na-filtracje-powietrza-wewnatrz-budynkow\/#respond"]}]},{"@type":"WebPage","@id":"https:\/\/www.afprofilters.com\/pl\/syndrom-chorego-budynku-a-wplyw-nowej-normy-iso-16890-na-filtracje-powietrza-wewnatrz-budynkow\/","url":"https:\/\/www.afprofilters.com\/pl\/syndrom-chorego-budynku-a-wplyw-nowej-normy-iso-16890-na-filtracje-powietrza-wewnatrz-budynkow\/","name":"SYNDROM CHOREGO BUDYNKU, A WP\u0141YW NOWEJ NORMY ISO 16890 NA FILTRACJ\u0118 POWIETRZA WEWN\u0104TRZ BUDYNK\u00d3W - AFPRO","isPartOf":{"@id":"https:\/\/www.afprofilters.com\/pl\/#website"},"primaryImageOfPage":{"@id":"https:\/\/www.afprofilters.com\/pl\/syndrom-chorego-budynku-a-wplyw-nowej-normy-iso-16890-na-filtracje-powietrza-wewnatrz-budynkow\/#primaryimage"},"image":{"@id":"https:\/\/www.afprofilters.com\/pl\/syndrom-chorego-budynku-a-wplyw-nowej-normy-iso-16890-na-filtracje-powietrza-wewnatrz-budynkow\/#primaryimage"},"thumbnailUrl":"https:\/\/www.afprofilters.com\/wp-content\/uploads\/2017\/07\/Budynki_komercyjne_ISO16890_AFPRO_Filters.jpg","datePublished":"2017-07-17T11:50:06+00:00","dateModified":"2017-07-17T12:08:21+00:00","breadcrumb":{"@id":"https:\/\/www.afprofilters.com\/pl\/syndrom-chorego-budynku-a-wplyw-nowej-normy-iso-16890-na-filtracje-powietrza-wewnatrz-budynkow\/#breadcrumb"},"inLanguage":"pl-PL","potentialAction":[{"@type":"ReadAction","target":["https:\/\/www.afprofilters.com\/pl\/syndrom-chorego-budynku-a-wplyw-nowej-normy-iso-16890-na-filtracje-powietrza-wewnatrz-budynkow\/"]}]},{"@type":"ImageObject","inLanguage":"pl-PL","@id":"https:\/\/www.afprofilters.com\/pl\/syndrom-chorego-budynku-a-wplyw-nowej-normy-iso-16890-na-filtracje-powietrza-wewnatrz-budynkow\/#primaryimage","url":"https:\/\/www.afprofilters.com\/wp-content\/uploads\/2017\/07\/Budynki_komercyjne_ISO16890_AFPRO_Filters.jpg","contentUrl":"https:\/\/www.afprofilters.com\/wp-content\/uploads\/2017\/07\/Budynki_komercyjne_ISO16890_AFPRO_Filters.jpg","width":5184,"height":3456},{"@type":"BreadcrumbList","@id":"https:\/\/www.afprofilters.com\/pl\/syndrom-chorego-budynku-a-wplyw-nowej-normy-iso-16890-na-filtracje-powietrza-wewnatrz-budynkow\/#breadcrumb","itemListElement":[{"@type":"ListItem","position":1,"name":"","item":"https:\/\/www.afprofilters.com\/pl\/"},{"@type":"ListItem","position":2,"name":"Publikacje","item":"https:\/\/www.afprofilters.com\/pl\/category\/publikacje\/"},{"@type":"ListItem","position":3,"name":"SYNDROM CHOREGO BUDYNKU, A WP\u0141YW NOWEJ NORMY ISO 16890 NA FILTRACJ\u0118 POWIETRZA WEWN\u0104TRZ BUDYNK\u00d3W"}]},{"@type":"WebSite","@id":"https:\/\/www.afprofilters.com\/pl\/#website","url":"https:\/\/www.afprofilters.com\/pl\/","name":"AFPRO","description":"AFPRO Filters","publisher":{"@id":"https:\/\/www.afprofilters.com\/pl\/#organization"},"potentialAction":[{"@type":"SearchAction","target":{"@type":"EntryPoint","urlTemplate":"https:\/\/www.afprofilters.com\/pl\/?s={search_term_string}"},"query-input":{"@type":"PropertyValueSpecification","valueRequired":true,"valueName":"search_term_string"}}],"inLanguage":"pl-PL"},{"@type":"Organization","@id":"https:\/\/www.afprofilters.com\/pl\/#organization","name":"AFPRO","url":"https:\/\/www.afprofilters.com\/pl\/","logo":{"@type":"ImageObject","inLanguage":"pl-PL","@id":"https:\/\/www.afprofilters.com\/pl\/#\/schema\/logo\/image\/","url":"https:\/\/www.afprofilters.com\/wp-content\/uploads\/2021\/05\/AFPRO-logo.png","contentUrl":"https:\/\/www.afprofilters.com\/wp-content\/uploads\/2021\/05\/AFPRO-logo.png","width":640,"height":177,"caption":"AFPRO"},"image":{"@id":"https:\/\/www.afprofilters.com\/pl\/#\/schema\/logo\/image\/"}},{"@type":"Person","@id":"https:\/\/www.afprofilters.com\/pl\/#\/schema\/person\/d138fabdd8f877bd8aef32619aaab52c","name":"Camille Sabos","image":{"@type":"ImageObject","inLanguage":"pl-PL","@id":"https:\/\/secure.gravatar.com\/avatar\/c289ca2dbede5b0489edc4cce9c53be6ebe135689ae3a0daea681083ca262ba4?s=96&d=mm&r=g","url":"https:\/\/secure.gravatar.com\/avatar\/c289ca2dbede5b0489edc4cce9c53be6ebe135689ae3a0daea681083ca262ba4?s=96&d=mm&r=g","contentUrl":"https:\/\/secure.gravatar.com\/avatar\/c289ca2dbede5b0489edc4cce9c53be6ebe135689ae3a0daea681083ca262ba4?s=96&d=mm&r=g","caption":"Camille Sabos"},"url":"https:\/\/www.afprofilters.com\/pl\/author\/afpro-user\/"}]}},"_links":{"self":[{"href":"https:\/\/www.afprofilters.com\/pl\/wp-json\/wp\/v2\/posts\/6414","targetHints":{"allow":["GET"]}}],"collection":[{"href":"https:\/\/www.afprofilters.com\/pl\/wp-json\/wp\/v2\/posts"}],"about":[{"href":"https:\/\/www.afprofilters.com\/pl\/wp-json\/wp\/v2\/types\/post"}],"author":[{"embeddable":true,"href":"https:\/\/www.afprofilters.com\/pl\/wp-json\/wp\/v2\/users\/2"}],"replies":[{"embeddable":true,"href":"https:\/\/www.afprofilters.com\/pl\/wp-json\/wp\/v2\/comments?post=6414"}],"version-history":[{"count":0,"href":"https:\/\/www.afprofilters.com\/pl\/wp-json\/wp\/v2\/posts\/6414\/revisions"}],"wp:featuredmedia":[{"embeddable":true,"href":"https:\/\/www.afprofilters.com\/pl\/wp-json\/wp\/v2\/media\/6421"}],"wp:attachment":[{"href":"https:\/\/www.afprofilters.com\/pl\/wp-json\/wp\/v2\/media?parent=6414"}],"wp:term":[{"taxonomy":"category","embeddable":true,"href":"https:\/\/www.afprofilters.com\/pl\/wp-json\/wp\/v2\/categories?post=6414"},{"taxonomy":"post_tag","embeddable":true,"href":"https:\/\/www.afprofilters.com\/pl\/wp-json\/wp\/v2\/tags?post=6414"}],"curies":[{"name":"wp","href":"https:\/\/api.w.org\/{rel}","templated":true}]}}