{"id":10456,"date":"2019-02-26T15:26:26","date_gmt":"2019-02-26T15:26:26","guid":{"rendered":"http:\/\/rcmrfan.cluster024.hosting.ovh.net\/?p=10456"},"modified":"2022-07-22T09:58:18","modified_gmt":"2022-07-22T09:58:18","slug":"protection-contre-pm1-selon-iso16890","status":"publish","type":"post","link":"https:\/\/www.afprofilters.com\/fr\/protection-contre-pm1-selon-iso16890\/","title":{"rendered":"Protection contre les particules fines PM1 selon la norme ISO 16890"},"content":{"rendered":"<h3>Vid\u00e9o : protection contre les PM1 selon la norme ISO 16890<img loading=\"lazy\" decoding=\"async\" class=\"alignright wp-image-10467\" title=\"protection\" src=\"https:\/\/www.afprofilters.com\/wp-content\/uploads\/\/2019\/02\/16890.jpg\" alt=\"protection norme ISO 16890\" width=\"69\" height=\"88\" \/><\/h3>\n<div id=\"info-text\" class=\"style-scope ytd-video-primary-info-renderer\">\n<p id=\"count\" class=\"style-scope ytd-video-primary-info-renderer\">Dans cette vid\u00e9o vous pourrez apprendre\u00a0en 90 secondes seulement ce qu&rsquo;est <a href=\"https:\/\/www.afprofilters.com\/fr\/nouvelle-norme-iso-16890-filtration-de-lair\/\">la nouvelle norme ISO 16890<\/a> et pourquoi la <strong>protection contre les particules fines<\/strong> PM1 est un \u00e9l\u00e9ment cl\u00e9 pour \u00eatre en bonne sant\u00e9.<\/p>\n<\/div>\n<div><\/div>\n<div><\/div>\n<div><\/div>\n<div id=\"flex\" class=\"style-scope ytd-video-primary-info-renderer\"><\/div>\n<p><iframe loading=\"lazy\" title=\"Protection contre les particules fines PM1 selon la norme ISO 16890\" width=\"500\" height=\"281\" src=\"https:\/\/www.youtube.com\/embed\/W2QqBpEKYDg?start=12&#038;feature=oembed\" frameborder=\"0\" allow=\"accelerometer; autoplay; clipboard-write; encrypted-media; gyroscope; picture-in-picture; web-share\" referrerpolicy=\"strict-origin-when-cross-origin\" allowfullscreen><\/iframe><\/p>\n","protected":false},"excerpt":{"rendered":"<p>Vid\u00e9o : protection contre les PM1 selon la norme ISO 16890 Dans cette vid\u00e9o vous pourrez apprendre\u00a0en 90 secondes seulement ce qu&rsquo;est la nouvelle norme ISO 16890 et pourquoi la protection contre les particules fines PM1 est un \u00e9l\u00e9ment cl\u00e9 pour \u00eatre en bonne sant\u00e9.<\/p>\n","protected":false},"author":2,"featured_media":0,"comment_status":"open","ping_status":"open","sticky":false,"template":"","format":"standard","meta":{"_acf_changed":false,"footnotes":""},"categories":[69],"tags":[],"class_list":["post-10456","post","type-post","status-publish","format-standard","hentry","category-video"],"acf":[],"yoast_head":"<!-- This site is optimized with the Yoast SEO plugin v27.3 - https:\/\/yoast.com\/product\/yoast-seo-wordpress\/ -->\n<title>Vid\u00e9o : Protection contre les particules fines selon la norme ISO 16890<\/title>\n<meta name=\"description\" content=\"Apprenez ce qu&#039;est la nouvelle norme ISO 16890 et pourquoi la protection contre les particules PM1 est un \u00e9l\u00e9ment cl\u00e9 pour \u00eatre en bonne sant\u00e9.\" \/>\n<meta name=\"robots\" content=\"index, follow, max-snippet:-1, max-image-preview:large, max-video-preview:-1\" \/>\n<link rel=\"canonical\" href=\"https:\/\/www.afprofilters.com\/fr\/protection-contre-pm1-selon-iso16890\/\" \/>\n<meta property=\"og:locale\" content=\"fr_FR\" \/>\n<meta property=\"og:type\" content=\"article\" \/>\n<meta property=\"og:title\" content=\"Vid\u00e9o : Protection contre les particules fines selon la norme ISO 16890\" \/>\n<meta property=\"og:description\" content=\"Apprenez ce qu&#039;est la nouvelle norme ISO 16890 et pourquoi la protection contre les particules PM1 est un \u00e9l\u00e9ment cl\u00e9 pour \u00eatre en bonne sant\u00e9.\" \/>\n<meta property=\"og:url\" content=\"https:\/\/www.afprofilters.com\/fr\/protection-contre-pm1-selon-iso16890\/\" \/>\n<meta property=\"og:site_name\" content=\"AFPRO\" \/>\n<meta property=\"article:published_time\" content=\"2019-02-26T15:26:26+00:00\" \/>\n<meta property=\"article:modified_time\" content=\"2022-07-22T09:58:18+00:00\" \/>\n<meta property=\"og:image\" content=\"https:\/\/www.afprofilters.com\/wp-content\/uploads\/\/2019\/02\/16890.jpg\" \/>\n<meta name=\"author\" content=\"Camille Sabos\" \/>\n<meta name=\"twitter:card\" content=\"summary_large_image\" \/>\n<meta name=\"twitter:label1\" content=\"\u00c9crit par\" \/>\n\t<meta name=\"twitter:data1\" content=\"Camille Sabos\" \/>\n\t<meta name=\"twitter:label2\" content=\"Dur\u00e9e de lecture estim\u00e9e\" \/>\n\t<meta name=\"twitter:data2\" content=\"1 minute\" \/>\n<script type=\"application\/ld+json\" class=\"yoast-schema-graph\">{\"@context\":\"https:\\\/\\\/schema.org\",\"@graph\":[{\"@type\":\"Article\",\"@id\":\"https:\\\/\\\/www.afprofilters.com\\\/fr\\\/protection-contre-pm1-selon-iso16890\\\/#article\",\"isPartOf\":{\"@id\":\"https:\\\/\\\/www.afprofilters.com\\\/fr\\\/protection-contre-pm1-selon-iso16890\\\/\"},\"author\":{\"name\":\"Camille Sabos\",\"@id\":\"https:\\\/\\\/www.afprofilters.com\\\/fr\\\/#\\\/schema\\\/person\\\/d138fabdd8f877bd8aef32619aaab52c\"},\"headline\":\"Protection contre les particules fines PM1 selon la norme ISO 16890\",\"datePublished\":\"2019-02-26T15:26:26+00:00\",\"dateModified\":\"2022-07-22T09:58:18+00:00\",\"mainEntityOfPage\":{\"@id\":\"https:\\\/\\\/www.afprofilters.com\\\/fr\\\/protection-contre-pm1-selon-iso16890\\\/\"},\"wordCount\":67,\"commentCount\":0,\"publisher\":{\"@id\":\"https:\\\/\\\/www.afprofilters.com\\\/fr\\\/#organization\"},\"image\":{\"@id\":\"https:\\\/\\\/www.afprofilters.com\\\/fr\\\/protection-contre-pm1-selon-iso16890\\\/#primaryimage\"},\"thumbnailUrl\":\"https:\\\/\\\/www.afprofilters.com\\\/wp-content\\\/uploads\\\/\\\/2019\\\/02\\\/16890.jpg\",\"articleSection\":[\"Vid\u00e9o\"],\"inLanguage\":\"fr-FR\",\"potentialAction\":[{\"@type\":\"CommentAction\",\"name\":\"Comment\",\"target\":[\"https:\\\/\\\/www.afprofilters.com\\\/fr\\\/protection-contre-pm1-selon-iso16890\\\/#respond\"]}]},{\"@type\":\"WebPage\",\"@id\":\"https:\\\/\\\/www.afprofilters.com\\\/fr\\\/protection-contre-pm1-selon-iso16890\\\/\",\"url\":\"https:\\\/\\\/www.afprofilters.com\\\/fr\\\/protection-contre-pm1-selon-iso16890\\\/\",\"name\":\"Vid\u00e9o : Protection contre les particules fines selon la norme ISO 16890\",\"isPartOf\":{\"@id\":\"https:\\\/\\\/www.afprofilters.com\\\/fr\\\/#website\"},\"primaryImageOfPage\":{\"@id\":\"https:\\\/\\\/www.afprofilters.com\\\/fr\\\/protection-contre-pm1-selon-iso16890\\\/#primaryimage\"},\"image\":{\"@id\":\"https:\\\/\\\/www.afprofilters.com\\\/fr\\\/protection-contre-pm1-selon-iso16890\\\/#primaryimage\"},\"thumbnailUrl\":\"https:\\\/\\\/www.afprofilters.com\\\/wp-content\\\/uploads\\\/\\\/2019\\\/02\\\/16890.jpg\",\"datePublished\":\"2019-02-26T15:26:26+00:00\",\"dateModified\":\"2022-07-22T09:58:18+00:00\",\"description\":\"Apprenez ce qu'est la nouvelle norme ISO 16890 et pourquoi la protection contre les particules PM1 est un \u00e9l\u00e9ment cl\u00e9 pour \u00eatre en bonne sant\u00e9.\",\"breadcrumb\":{\"@id\":\"https:\\\/\\\/www.afprofilters.com\\\/fr\\\/protection-contre-pm1-selon-iso16890\\\/#breadcrumb\"},\"inLanguage\":\"fr-FR\",\"potentialAction\":[{\"@type\":\"ReadAction\",\"target\":[\"https:\\\/\\\/www.afprofilters.com\\\/fr\\\/protection-contre-pm1-selon-iso16890\\\/\"]}]},{\"@type\":\"ImageObject\",\"inLanguage\":\"fr-FR\",\"@id\":\"https:\\\/\\\/www.afprofilters.com\\\/fr\\\/protection-contre-pm1-selon-iso16890\\\/#primaryimage\",\"url\":\"https:\\\/\\\/www.afprofilters.com\\\/wp-content\\\/uploads\\\/\\\/2019\\\/02\\\/16890.jpg\",\"contentUrl\":\"https:\\\/\\\/www.afprofilters.com\\\/wp-content\\\/uploads\\\/\\\/2019\\\/02\\\/16890.jpg\"},{\"@type\":\"BreadcrumbList\",\"@id\":\"https:\\\/\\\/www.afprofilters.com\\\/fr\\\/protection-contre-pm1-selon-iso16890\\\/#breadcrumb\",\"itemListElement\":[{\"@type\":\"ListItem\",\"position\":1,\"name\":\"\",\"item\":\"https:\\\/\\\/www.afprofilters.com\\\/fr\\\/\"},{\"@type\":\"ListItem\",\"position\":2,\"name\":\"Vid\u00e9o\",\"item\":\"https:\\\/\\\/www.afprofilters.com\\\/fr\\\/categorie\\\/video\\\/\"},{\"@type\":\"ListItem\",\"position\":3,\"name\":\"Protection contre les particules fines PM1 selon la norme ISO 16890\"}]},{\"@type\":\"WebSite\",\"@id\":\"https:\\\/\\\/www.afprofilters.com\\\/fr\\\/#website\",\"url\":\"https:\\\/\\\/www.afprofilters.com\\\/fr\\\/\",\"name\":\"AFPRO\",\"description\":\"AFPRO Filters\",\"publisher\":{\"@id\":\"https:\\\/\\\/www.afprofilters.com\\\/fr\\\/#organization\"},\"potentialAction\":[{\"@type\":\"SearchAction\",\"target\":{\"@type\":\"EntryPoint\",\"urlTemplate\":\"https:\\\/\\\/www.afprofilters.com\\\/fr\\\/?s={search_term_string}\"},\"query-input\":{\"@type\":\"PropertyValueSpecification\",\"valueRequired\":true,\"valueName\":\"search_term_string\"}}],\"inLanguage\":\"fr-FR\"},{\"@type\":\"Organization\",\"@id\":\"https:\\\/\\\/www.afprofilters.com\\\/fr\\\/#organization\",\"name\":\"AFPRO\",\"url\":\"https:\\\/\\\/www.afprofilters.com\\\/fr\\\/\",\"logo\":{\"@type\":\"ImageObject\",\"inLanguage\":\"fr-FR\",\"@id\":\"https:\\\/\\\/www.afprofilters.com\\\/fr\\\/#\\\/schema\\\/logo\\\/image\\\/\",\"url\":\"https:\\\/\\\/www.afprofilters.com\\\/wp-content\\\/uploads\\\/2021\\\/05\\\/AFPRO-logo.png\",\"contentUrl\":\"https:\\\/\\\/www.afprofilters.com\\\/wp-content\\\/uploads\\\/2021\\\/05\\\/AFPRO-logo.png\",\"width\":640,\"height\":177,\"caption\":\"AFPRO\"},\"image\":{\"@id\":\"https:\\\/\\\/www.afprofilters.com\\\/fr\\\/#\\\/schema\\\/logo\\\/image\\\/\"}},{\"@type\":\"Person\",\"@id\":\"https:\\\/\\\/www.afprofilters.com\\\/fr\\\/#\\\/schema\\\/person\\\/d138fabdd8f877bd8aef32619aaab52c\",\"name\":\"Camille Sabos\",\"image\":{\"@type\":\"ImageObject\",\"inLanguage\":\"fr-FR\",\"@id\":\"https:\\\/\\\/secure.gravatar.com\\\/avatar\\\/c289ca2dbede5b0489edc4cce9c53be6ebe135689ae3a0daea681083ca262ba4?s=96&d=mm&r=g\",\"url\":\"https:\\\/\\\/secure.gravatar.com\\\/avatar\\\/c289ca2dbede5b0489edc4cce9c53be6ebe135689ae3a0daea681083ca262ba4?s=96&d=mm&r=g\",\"contentUrl\":\"https:\\\/\\\/secure.gravatar.com\\\/avatar\\\/c289ca2dbede5b0489edc4cce9c53be6ebe135689ae3a0daea681083ca262ba4?s=96&d=mm&r=g\",\"caption\":\"Camille Sabos\"},\"url\":\"https:\\\/\\\/www.afprofilters.com\\\/fr\\\/author\\\/afpro-user\\\/\"}]}<\/script>\n<!-- \/ Yoast SEO plugin. -->","yoast_head_json":{"title":"Vid\u00e9o : Protection contre les particules fines selon la norme ISO 16890","description":"Apprenez ce qu'est la nouvelle norme ISO 16890 et pourquoi la protection contre les particules PM1 est un \u00e9l\u00e9ment cl\u00e9 pour \u00eatre en bonne sant\u00e9.","robots":{"index":"index","follow":"follow","max-snippet":"max-snippet:-1","max-image-preview":"max-image-preview:large","max-video-preview":"max-video-preview:-1"},"canonical":"https:\/\/www.afprofilters.com\/fr\/protection-contre-pm1-selon-iso16890\/","og_locale":"fr_FR","og_type":"article","og_title":"Vid\u00e9o : Protection contre les particules fines selon la norme ISO 16890","og_description":"Apprenez ce qu'est la nouvelle norme ISO 16890 et pourquoi la protection contre les particules PM1 est un \u00e9l\u00e9ment cl\u00e9 pour \u00eatre en bonne sant\u00e9.","og_url":"https:\/\/www.afprofilters.com\/fr\/protection-contre-pm1-selon-iso16890\/","og_site_name":"AFPRO","article_published_time":"2019-02-26T15:26:26+00:00","article_modified_time":"2022-07-22T09:58:18+00:00","og_image":[{"url":"https:\/\/www.afprofilters.com\/wp-content\/uploads\/\/2019\/02\/16890.jpg","type":"","width":"","height":""}],"author":"Camille Sabos","twitter_card":"summary_large_image","twitter_misc":{"\u00c9crit par":"Camille Sabos","Dur\u00e9e de lecture estim\u00e9e":"1 minute"},"schema":{"@context":"https:\/\/schema.org","@graph":[{"@type":"Article","@id":"https:\/\/www.afprofilters.com\/fr\/protection-contre-pm1-selon-iso16890\/#article","isPartOf":{"@id":"https:\/\/www.afprofilters.com\/fr\/protection-contre-pm1-selon-iso16890\/"},"author":{"name":"Camille Sabos","@id":"https:\/\/www.afprofilters.com\/fr\/#\/schema\/person\/d138fabdd8f877bd8aef32619aaab52c"},"headline":"Protection contre les particules fines PM1 selon la norme ISO 16890","datePublished":"2019-02-26T15:26:26+00:00","dateModified":"2022-07-22T09:58:18+00:00","mainEntityOfPage":{"@id":"https:\/\/www.afprofilters.com\/fr\/protection-contre-pm1-selon-iso16890\/"},"wordCount":67,"commentCount":0,"publisher":{"@id":"https:\/\/www.afprofilters.com\/fr\/#organization"},"image":{"@id":"https:\/\/www.afprofilters.com\/fr\/protection-contre-pm1-selon-iso16890\/#primaryimage"},"thumbnailUrl":"https:\/\/www.afprofilters.com\/wp-content\/uploads\/\/2019\/02\/16890.jpg","articleSection":["Vid\u00e9o"],"inLanguage":"fr-FR","potentialAction":[{"@type":"CommentAction","name":"Comment","target":["https:\/\/www.afprofilters.com\/fr\/protection-contre-pm1-selon-iso16890\/#respond"]}]},{"@type":"WebPage","@id":"https:\/\/www.afprofilters.com\/fr\/protection-contre-pm1-selon-iso16890\/","url":"https:\/\/www.afprofilters.com\/fr\/protection-contre-pm1-selon-iso16890\/","name":"Vid\u00e9o : Protection contre les particules fines selon la norme ISO 16890","isPartOf":{"@id":"https:\/\/www.afprofilters.com\/fr\/#website"},"primaryImageOfPage":{"@id":"https:\/\/www.afprofilters.com\/fr\/protection-contre-pm1-selon-iso16890\/#primaryimage"},"image":{"@id":"https:\/\/www.afprofilters.com\/fr\/protection-contre-pm1-selon-iso16890\/#primaryimage"},"thumbnailUrl":"https:\/\/www.afprofilters.com\/wp-content\/uploads\/\/2019\/02\/16890.jpg","datePublished":"2019-02-26T15:26:26+00:00","dateModified":"2022-07-22T09:58:18+00:00","description":"Apprenez ce qu'est la nouvelle norme ISO 16890 et pourquoi la protection contre les particules PM1 est un \u00e9l\u00e9ment cl\u00e9 pour \u00eatre en bonne sant\u00e9.","breadcrumb":{"@id":"https:\/\/www.afprofilters.com\/fr\/protection-contre-pm1-selon-iso16890\/#breadcrumb"},"inLanguage":"fr-FR","potentialAction":[{"@type":"ReadAction","target":["https:\/\/www.afprofilters.com\/fr\/protection-contre-pm1-selon-iso16890\/"]}]},{"@type":"ImageObject","inLanguage":"fr-FR","@id":"https:\/\/www.afprofilters.com\/fr\/protection-contre-pm1-selon-iso16890\/#primaryimage","url":"https:\/\/www.afprofilters.com\/wp-content\/uploads\/\/2019\/02\/16890.jpg","contentUrl":"https:\/\/www.afprofilters.com\/wp-content\/uploads\/\/2019\/02\/16890.jpg"},{"@type":"BreadcrumbList","@id":"https:\/\/www.afprofilters.com\/fr\/protection-contre-pm1-selon-iso16890\/#breadcrumb","itemListElement":[{"@type":"ListItem","position":1,"name":"","item":"https:\/\/www.afprofilters.com\/fr\/"},{"@type":"ListItem","position":2,"name":"Vid\u00e9o","item":"https:\/\/www.afprofilters.com\/fr\/categorie\/video\/"},{"@type":"ListItem","position":3,"name":"Protection contre les particules fines PM1 selon la norme ISO 16890"}]},{"@type":"WebSite","@id":"https:\/\/www.afprofilters.com\/fr\/#website","url":"https:\/\/www.afprofilters.com\/fr\/","name":"AFPRO","description":"AFPRO Filters","publisher":{"@id":"https:\/\/www.afprofilters.com\/fr\/#organization"},"potentialAction":[{"@type":"SearchAction","target":{"@type":"EntryPoint","urlTemplate":"https:\/\/www.afprofilters.com\/fr\/?s={search_term_string}"},"query-input":{"@type":"PropertyValueSpecification","valueRequired":true,"valueName":"search_term_string"}}],"inLanguage":"fr-FR"},{"@type":"Organization","@id":"https:\/\/www.afprofilters.com\/fr\/#organization","name":"AFPRO","url":"https:\/\/www.afprofilters.com\/fr\/","logo":{"@type":"ImageObject","inLanguage":"fr-FR","@id":"https:\/\/www.afprofilters.com\/fr\/#\/schema\/logo\/image\/","url":"https:\/\/www.afprofilters.com\/wp-content\/uploads\/2021\/05\/AFPRO-logo.png","contentUrl":"https:\/\/www.afprofilters.com\/wp-content\/uploads\/2021\/05\/AFPRO-logo.png","width":640,"height":177,"caption":"AFPRO"},"image":{"@id":"https:\/\/www.afprofilters.com\/fr\/#\/schema\/logo\/image\/"}},{"@type":"Person","@id":"https:\/\/www.afprofilters.com\/fr\/#\/schema\/person\/d138fabdd8f877bd8aef32619aaab52c","name":"Camille Sabos","image":{"@type":"ImageObject","inLanguage":"fr-FR","@id":"https:\/\/secure.gravatar.com\/avatar\/c289ca2dbede5b0489edc4cce9c53be6ebe135689ae3a0daea681083ca262ba4?s=96&d=mm&r=g","url":"https:\/\/secure.gravatar.com\/avatar\/c289ca2dbede5b0489edc4cce9c53be6ebe135689ae3a0daea681083ca262ba4?s=96&d=mm&r=g","contentUrl":"https:\/\/secure.gravatar.com\/avatar\/c289ca2dbede5b0489edc4cce9c53be6ebe135689ae3a0daea681083ca262ba4?s=96&d=mm&r=g","caption":"Camille Sabos"},"url":"https:\/\/www.afprofilters.com\/fr\/author\/afpro-user\/"}]}},"_links":{"self":[{"href":"https:\/\/www.afprofilters.com\/fr\/wp-json\/wp\/v2\/posts\/10456","targetHints":{"allow":["GET"]}}],"collection":[{"href":"https:\/\/www.afprofilters.com\/fr\/wp-json\/wp\/v2\/posts"}],"about":[{"href":"https:\/\/www.afprofilters.com\/fr\/wp-json\/wp\/v2\/types\/post"}],"author":[{"embeddable":true,"href":"https:\/\/www.afprofilters.com\/fr\/wp-json\/wp\/v2\/users\/2"}],"replies":[{"embeddable":true,"href":"https:\/\/www.afprofilters.com\/fr\/wp-json\/wp\/v2\/comments?post=10456"}],"version-history":[{"count":0,"href":"https:\/\/www.afprofilters.com\/fr\/wp-json\/wp\/v2\/posts\/10456\/revisions"}],"wp:attachment":[{"href":"https:\/\/www.afprofilters.com\/fr\/wp-json\/wp\/v2\/media?parent=10456"}],"wp:term":[{"taxonomy":"category","embeddable":true,"href":"https:\/\/www.afprofilters.com\/fr\/wp-json\/wp\/v2\/categories?post=10456"},{"taxonomy":"post_tag","embeddable":true,"href":"https:\/\/www.afprofilters.com\/fr\/wp-json\/wp\/v2\/tags?post=10456"}],"curies":[{"name":"wp","href":"https:\/\/api.w.org\/{rel}","templated":true}]}}