{"id":8680,"date":"2018-07-09T12:11:21","date_gmt":"2018-07-09T12:11:21","guid":{"rendered":"https:\/\/www.afprofilters.com\/?p=8680"},"modified":"2022-08-09T13:31:30","modified_gmt":"2022-08-09T13:31:30","slug":"the-edge-kommerzielle-gebaeude-raumklima-pm1-luftfilter","status":"publish","type":"post","link":"https:\/\/www.afprofilters.com\/de\/the-edge-kommerzielle-gebaeude-raumklima-pm1-luftfilter\/","title":{"rendered":"The EDGE &#8211; Europas nachhaltigstes Geb\u00e4ude macht weiteren Schritt in Richtung gesundes Raumklima"},"content":{"rendered":"<p>Das nachhaltigste B\u00fcrogeb\u00e4ude Europas \u201aThe Edge\u2018 befindet sich im Stadtteil Zuidas in Amsterdam. Das Geb\u00e4ude erreichte dank intelligenter technologischer Innovationen eine Nachhaltigkeitsbewertung von 98,36% (BREEAM-NL). Das von OVG-Real Estate entwickelte Geb\u00e4ude hat eine Bodenfl\u00e4che von 35.000m. und wurde energieeffizient und nachhaltig gebaut. \u201aThe Edge\u2018 verdankt seinen Namen seiner beeindruckenden Form mit scharfen Kanten.<span class=\"Apple-converted-space\">&nbsp;<\/span><\/p>\n<p>Ein Beispiel f\u00fcr solch eine intelligente technologische Innovation ist \u201eLight-over-Ethernet\u201c von Philips. Das System erm\u00f6glicht es den Mitarbeitern,&nbsp;die Beleuchtung und das Klima des Arbeitsplatzes \u00fcber eine App selbst zu steuern. \u00dcber ca. 30.000 Sensoren k\u00f6nnen verschiedene R\u00e4ume wie Besprechungsr\u00e4ume und Arbeitspl\u00e4tze auf die pers\u00f6nlichen Vorlieben abgestimmt werden. Zusammen mit verschiedenen anderen Einrichtungen wie Solarzellen, W\u00e4rme-\/K\u00e4ltespeicherung (WKS), hochisolierendes Glas und Regenwassersammlung f\u00fcr die Toilettensp\u00fclung verbraucht \u201aThe Edge\u2018 70% weniger Strom als vergleichbare Geb\u00e4ude.<span class=\"Apple-converted-space\">&nbsp;<\/span><\/p>\n<p>(Foto 1: kommerzielle-gebaeude-raumklima-pm1-luftfilter)<\/p>\n<p><img loading=\"lazy\" decoding=\"async\" class=\"alignnone wp-image-12084\" src=\"http:\/\/www.afprofilters.com\/wp-content\/uploads\/2018\/04\/AFPRO-Filters_luchtfilter_commercieel_gebouw_the_edge_case_study_foto3-Duurzaam-gebouwd-LR.png\" alt=\"\" width=\"823\" height=\"584\" srcset=\"https:\/\/www.afprofilters.com\/wp-content\/uploads\/2018\/04\/AFPRO-Filters_luchtfilter_commercieel_gebouw_the_edge_case_study_foto3-Duurzaam-gebouwd-LR.png 623w, https:\/\/www.afprofilters.com\/wp-content\/uploads\/2018\/04\/AFPRO-Filters_luchtfilter_commercieel_gebouw_the_edge_case_study_foto3-Duurzaam-gebouwd-LR-300x213.png 300w\" sizes=\"auto, (max-width: 823px) 100vw, 823px\" \/><\/p>\n<h2><b>Gesundes Raumklima<\/b><\/h2>\n<p>Das Geb\u00e4ude liegt entlang der stark befahrenen Autobahn A10. Joost Verhulsdonck, Senior Technischer Manager bei CBRE: \u201eDie staatliche Baubeh\u00f6rde Rijkswaterstaat ist derzeit damit besch\u00e4ftigt, die Autobahn zu erweitern. Das Verkehrsaufkommen wird daher in Zukunft deutlich zunehmen. Dar\u00fcber hinaus finden auch eine Vielzahl von Bauaktivit\u00e4ten rund um das Geb\u00e4ude statt. Sie k\u00f6nnen sich vorstellen, dass wir es dadurch mit einer hohen Feinstaubkonzentration in der Luft zu tun haben. Nat\u00fcrlich f\u00fchlen wir uns f\u00fcr das Wohlergehen der Menschen, die im Geb\u00e4ude arbeiten, verantwortlich. Um einen wesentlichen Beitrag zur<span class=\"Apple-converted-space\">&nbsp;&nbsp;<\/span>Gesundheit dieser Menschen zu leisten, muss die Luftqualit\u00e4t im Geb\u00e4ude optimal sein.\u201c Daf\u00fcr gibt es eine Kooperation zwischen HOMIJ Technical Installations und Bosman bedrijven (die unter dem Namen HBC, HOMIJ Bosman Combinatie kooperieren), die seit der Entwurfsphase eng in die Installation und Wartung aller elektronischen Angelegenheiten eingebunden ist.<span class=\"Apple-converted-space\">&nbsp;<\/span><\/p>\n<p>Wilco Vinke, Service Manager bei HOMIJ: \u201eW\u00e4hrend der Bauphase haben wir uns auf die Suche nach einem L\u00fcftungssystem gemacht, das einerseits m\u00f6glichst wenig Energie verbraucht und andererseits die h\u00f6chstm\u00f6gliche Luftqualit\u00e4t erreicht. Letztendlich fiel die Wahl auf frequenzgeregelte Luftaufbereitungsanlagen. Diese Anlagen arbeiten mit variabler L\u00fcfterdrehzahl. Das bedeutet, die Anlage passt sich an den variablen Luftbedarf und an den Luftwiderstand der Luftfilter an. Und trotzdem suchen wir st\u00e4ndig nach Verbesserungsm\u00f6glichkeiten, die wir im Geb\u00e4ude umsetzen k\u00f6nnen. Die Entwicklungen im Bereich der Nachhaltigkeit sind in den letzten Jahren n\u00e4mlich sehr rasant verlaufen.\u201c<span class=\"Apple-converted-space\">&nbsp; (Foto 2: kommerzielle-gebaeude-raumklima-pm1-luftfilter)&nbsp;<\/span><\/p>\n<p><i><img loading=\"lazy\" decoding=\"async\" class=\"alignnone wp-image-12083\" src=\"http:\/\/www.afprofilters.com\/wp-content\/uploads\/2018\/04\/AFPRO-Filters_luchtfilter_commercieel_gebouw_the_edge_case_study_foto2-Duurzaam-gebouwd-LR.png\" alt=\"AFPRO Filters_luchtfilter_commercieel_gebouw_the_edge_case_study_foto2-Duurzaam-gebouwd-LR\" width=\"824\" height=\"381\" srcset=\"https:\/\/www.afprofilters.com\/wp-content\/uploads\/2018\/04\/AFPRO-Filters_luchtfilter_commercieel_gebouw_the_edge_case_study_foto2-Duurzaam-gebouwd-LR.png 852w, https:\/\/www.afprofilters.com\/wp-content\/uploads\/2018\/04\/AFPRO-Filters_luchtfilter_commercieel_gebouw_the_edge_case_study_foto2-Duurzaam-gebouwd-LR-300x139.png 300w, https:\/\/www.afprofilters.com\/wp-content\/uploads\/2018\/04\/AFPRO-Filters_luchtfilter_commercieel_gebouw_the_edge_case_study_foto2-Duurzaam-gebouwd-LR-768x355.png 768w\" sizes=\"auto, (max-width: 824px) 100vw, 824px\" \/><\/i><\/p>\n<p><i>\u201eWir sind f\u00fcr die elektrotechnische Seite des Ganzen verantwortlich. Unter diesem Gesichtspunkt sehen wir nur Vorteile auf dem Gebiet von Energieeinsparungen. Die Zusammenarbeit zwischen HOMIJ, CBRE, AFPRO und uns ist ein gutes Beispiel f\u00fcr eine Kettenpartnerschaft.\u201c <\/i>&#8211; Willem de Bruin, Account Manager Bosman bedrijven<span class=\"Apple-converted-space\">&nbsp;(Foto 3: kommerzielle-gebaeude-raumklima-pm1-luftfilter)&nbsp;<\/span><\/p>\n<p><b><img loading=\"lazy\" decoding=\"async\" class=\"alignnone wp-image-12085\" src=\"http:\/\/www.afprofilters.com\/wp-content\/uploads\/2018\/04\/AFPRO-Filters_luchtfilter_commercieel_gebouw_the_edge_case_study_foto4-Duurzaam-gebouwd-LR.png\" alt=\"\" width=\"829\" height=\"681\" srcset=\"https:\/\/www.afprofilters.com\/wp-content\/uploads\/2018\/04\/AFPRO-Filters_luchtfilter_commercieel_gebouw_the_edge_case_study_foto4-Duurzaam-gebouwd-LR.png 848w, https:\/\/www.afprofilters.com\/wp-content\/uploads\/2018\/04\/AFPRO-Filters_luchtfilter_commercieel_gebouw_the_edge_case_study_foto4-Duurzaam-gebouwd-LR-300x247.png 300w, https:\/\/www.afprofilters.com\/wp-content\/uploads\/2018\/04\/AFPRO-Filters_luchtfilter_commercieel_gebouw_the_edge_case_study_foto4-Duurzaam-gebouwd-LR-768x631.png 768w\" sizes=\"auto, (max-width: 829px) 100vw, 829px\" \/><\/b><\/p>\n<h2><b>Verbesserte Luftqualit\u00e4t und Einsparungen<\/b><\/h2>\n<p><i>\u201eWir finden es besonders wichtig, dass unsere Mieter in einer m\u00f6glichst gesunden Umgebung arbeiten k\u00f6nnen. Mit diesen neuen Luftfiltern verbessern wir das Raumklima weiter und leisten einen zus\u00e4tzlichen Beitrag zur Gesundheit dieser Menschen. Der neue Filter ist etwas teurer, aber diese Investition verdienen wir wahrscheinlich schon kurzfristig zur\u00fcck.\u201c <\/i>&#8211; Joost Verhulsdonck, Senior Technischer Manager CBRE<span class=\"Apple-converted-space\">&nbsp;<\/span><\/p>\n<p>Gemeinsam mit HOMIJ Bosman Combinatie suchte AFPRO Filters nach Wegen, die Luftqualit\u00e4t im Geb\u00e4ude weiter zu verbessern und gleichzeitig den Energieverbrauch zu senken. Maurice Gijzen, Senior Account Manager bei AFPRO Filters: \u201eDamals habe ich empfohlen, auf einen ePM1-Luftfilter umzusteigen, der die neue, strenge Norm ISO16890 erf\u00fcllt. Dieser Umstieg verbessert die Luftqualit\u00e4t in den Innenr\u00e4umen um weitere 25%. Au\u00dferdem hat der Filter einen geringeren Anfangswiderstand, was bedeutet, dass der L\u00fcftermotor in der Anlage weniger arbeiten muss. Das spart Energie und reduziert somit den CO2-Aussto\u00df.\u201c Vinke best\u00e4tigt dies: \u201eDas Geb\u00e4ude hat ein Luftvolumen von circa 90.000 m3. Wir verwenden eine Bel\u00fcftungsintensit\u00e4t von 1,95 f\u00fcr die B\u00fcror\u00e4ume und eine Bel\u00fcftungsintensit\u00e4t von 6 f\u00fcr die Konferenzr\u00e4ume. Mit diesen Luftmengen, die in das Geb\u00e4ude gepumpt werden, f\u00fchrt bereits jede kleine Verbesserung zu gro\u00dfen Ergebnissen.\u201c<span class=\"Apple-converted-space\"><br \/>\n(Foto 4: kommerzielle-gebaeude-raumklima-pm1-luftfilter)&nbsp;<\/span><\/p>\n<p><img loading=\"lazy\" decoding=\"async\" class=\"alignnone wp-image-12082\" src=\"http:\/\/www.afprofilters.com\/wp-content\/uploads\/2018\/04\/AFPRO-Filters_luchtfilter_commercieel_gebouw_the_edge_case_study_foto1-Duurzaam-gebouwd-LR.png\" alt=\"\" width=\"826\" height=\"502\" srcset=\"https:\/\/www.afprofilters.com\/wp-content\/uploads\/2018\/04\/AFPRO-Filters_luchtfilter_commercieel_gebouw_the_edge_case_study_foto1-Duurzaam-gebouwd-LR.png 614w, https:\/\/www.afprofilters.com\/wp-content\/uploads\/2018\/04\/AFPRO-Filters_luchtfilter_commercieel_gebouw_the_edge_case_study_foto1-Duurzaam-gebouwd-LR-300x182.png 300w\" sizes=\"auto, (max-width: 826px) 100vw, 826px\" \/><\/p>\n<p>Verhulsdonck: \u201eWir finden es besonders wichtig, dass unsere Mieter in einer m\u00f6glichst gesunden Umgebung arbeiten. Mit diesen neuen Luftfiltern verbessern wir das Raumklima weiter und leisten hiermit einen zus\u00e4tzlichen Beitrag zur Gesundheit dieser Menschen. Der neue Filter ist etwas teurer, aber diese Investition zahlt sich wahrscheinlich schon kurzfristig aus. Die Energieeinsparung in Kombination mit der l\u00e4ngeren Standzeit des Filters sorgt f\u00fcr eine erhebliche Einsparung an Energie-, Arbeits-, Material- und Entsorgungskosten.\u201c<span class=\"Apple-converted-space\">&nbsp;<\/span><\/p>\n<p>Images source: Duurzaamgebouwd<\/p>\n","protected":false},"excerpt":{"rendered":"<p>Das nachhaltigste B\u00fcrogeb\u00e4ude Europas \u201aThe Edge\u2018 befindet sich im Stadtteil Zuidas in Amsterdam. Das Geb\u00e4ude erreichte dank intelligenter technologischer Innovationen eine Nachhaltigkeitsbewertung von 98,36% (BREEAM-NL). Das von OVG-Real Estate entwickelte Geb\u00e4ude hat eine Bodenfl\u00e4che von 35.000m. und wurde energieeffizient und nachhaltig gebaut. \u201aThe Edge\u2018 verdankt seinen Namen seiner beeindruckenden Form mit scharfen Kanten.&nbsp; Ein Beispiel [&hellip;]<\/p>\n","protected":false},"author":2,"featured_media":31913,"comment_status":"open","ping_status":"open","sticky":false,"template":"","format":"standard","meta":{"_acf_changed":false,"footnotes":""},"categories":[52],"tags":[457],"class_list":["post-8680","post","type-post","status-publish","format-standard","has-post-thumbnail","hentry","category-fallstudien","tag-the-edge"],"acf":[],"yoast_head":"<!-- This site is optimized with the Yoast SEO plugin v27.3 - https:\/\/yoast.com\/product\/yoast-seo-wordpress\/ -->\n<title>The EDGE - Europas nachhaltigstes Geb\u00e4ude macht weiteren Schritt in Richtung gesundes Raumklima - AFPRO<\/title>\n<meta name=\"robots\" content=\"index, follow, max-snippet:-1, max-image-preview:large, max-video-preview:-1\" \/>\n<link rel=\"canonical\" href=\"https:\/\/www.afprofilters.com\/de\/the-edge-kommerzielle-gebaeude-raumklima-pm1-luftfilter\/\" \/>\n<meta property=\"og:locale\" content=\"de_DE\" \/>\n<meta property=\"og:type\" content=\"article\" \/>\n<meta property=\"og:title\" content=\"The EDGE - Europas nachhaltigstes Geb\u00e4ude macht weiteren Schritt in Richtung gesundes Raumklima - AFPRO\" \/>\n<meta property=\"og:description\" content=\"Das nachhaltigste B\u00fcrogeb\u00e4ude Europas \u201aThe Edge\u2018 befindet sich im Stadtteil Zuidas in Amsterdam. Das Geb\u00e4ude erreichte dank intelligenter technologischer Innovationen eine Nachhaltigkeitsbewertung von 98,36% (BREEAM-NL). Das von OVG-Real Estate entwickelte Geb\u00e4ude hat eine Bodenfl\u00e4che von 35.000m. und wurde energieeffizient und nachhaltig gebaut. \u201aThe Edge\u2018 verdankt seinen Namen seiner beeindruckenden Form mit scharfen Kanten.&nbsp; Ein Beispiel [&hellip;]\" \/>\n<meta property=\"og:url\" content=\"https:\/\/www.afprofilters.com\/de\/the-edge-kommerzielle-gebaeude-raumklima-pm1-luftfilter\/\" \/>\n<meta property=\"og:site_name\" content=\"AFPRO\" \/>\n<meta property=\"article:published_time\" content=\"2018-07-09T12:11:21+00:00\" \/>\n<meta property=\"article:modified_time\" content=\"2022-08-09T13:31:30+00:00\" \/>\n<meta property=\"og:image\" content=\"http:\/\/www.afprofilters.com\/wp-content\/uploads\/2018\/07\/Cover-Case-study-the-edge.png\" \/>\n\t<meta property=\"og:image:width\" content=\"1200\" \/>\n\t<meta property=\"og:image:height\" content=\"627\" \/>\n\t<meta property=\"og:image:type\" content=\"image\/png\" \/>\n<meta name=\"author\" content=\"Camille Sabos\" \/>\n<meta name=\"twitter:card\" content=\"summary_large_image\" \/>\n<meta name=\"twitter:label1\" content=\"Verfasst von\" \/>\n\t<meta name=\"twitter:data1\" content=\"Camille Sabos\" \/>\n\t<meta name=\"twitter:label2\" content=\"Gesch\u00e4tzte Lesezeit\" \/>\n\t<meta name=\"twitter:data2\" content=\"4 Minuten\" \/>\n<script type=\"application\/ld+json\" class=\"yoast-schema-graph\">{\"@context\":\"https:\\\/\\\/schema.org\",\"@graph\":[{\"@type\":\"Article\",\"@id\":\"https:\\\/\\\/www.afprofilters.com\\\/de\\\/the-edge-kommerzielle-gebaeude-raumklima-pm1-luftfilter\\\/#article\",\"isPartOf\":{\"@id\":\"https:\\\/\\\/www.afprofilters.com\\\/de\\\/the-edge-kommerzielle-gebaeude-raumklima-pm1-luftfilter\\\/\"},\"author\":{\"name\":\"Camille Sabos\",\"@id\":\"https:\\\/\\\/www.afprofilters.com\\\/de\\\/#\\\/schema\\\/person\\\/d138fabdd8f877bd8aef32619aaab52c\"},\"headline\":\"The EDGE &#8211; Europas nachhaltigstes Geb\u00e4ude macht weiteren Schritt in Richtung gesundes Raumklima\",\"datePublished\":\"2018-07-09T12:11:21+00:00\",\"dateModified\":\"2022-08-09T13:31:30+00:00\",\"mainEntityOfPage\":{\"@id\":\"https:\\\/\\\/www.afprofilters.com\\\/de\\\/the-edge-kommerzielle-gebaeude-raumklima-pm1-luftfilter\\\/\"},\"wordCount\":766,\"commentCount\":0,\"publisher\":{\"@id\":\"https:\\\/\\\/www.afprofilters.com\\\/de\\\/#organization\"},\"image\":{\"@id\":\"https:\\\/\\\/www.afprofilters.com\\\/de\\\/the-edge-kommerzielle-gebaeude-raumklima-pm1-luftfilter\\\/#primaryimage\"},\"thumbnailUrl\":\"https:\\\/\\\/www.afprofilters.com\\\/wp-content\\\/uploads\\\/2018\\\/07\\\/Cover-Case-study-the-edge.png\",\"keywords\":[\"the edge\"],\"articleSection\":[\"Fallstudien\"],\"inLanguage\":\"de-DE\",\"potentialAction\":[{\"@type\":\"CommentAction\",\"name\":\"Comment\",\"target\":[\"https:\\\/\\\/www.afprofilters.com\\\/de\\\/the-edge-kommerzielle-gebaeude-raumklima-pm1-luftfilter\\\/#respond\"]}]},{\"@type\":\"WebPage\",\"@id\":\"https:\\\/\\\/www.afprofilters.com\\\/de\\\/the-edge-kommerzielle-gebaeude-raumklima-pm1-luftfilter\\\/\",\"url\":\"https:\\\/\\\/www.afprofilters.com\\\/de\\\/the-edge-kommerzielle-gebaeude-raumklima-pm1-luftfilter\\\/\",\"name\":\"The EDGE - Europas nachhaltigstes Geb\u00e4ude macht weiteren Schritt in Richtung gesundes Raumklima - AFPRO\",\"isPartOf\":{\"@id\":\"https:\\\/\\\/www.afprofilters.com\\\/de\\\/#website\"},\"primaryImageOfPage\":{\"@id\":\"https:\\\/\\\/www.afprofilters.com\\\/de\\\/the-edge-kommerzielle-gebaeude-raumklima-pm1-luftfilter\\\/#primaryimage\"},\"image\":{\"@id\":\"https:\\\/\\\/www.afprofilters.com\\\/de\\\/the-edge-kommerzielle-gebaeude-raumklima-pm1-luftfilter\\\/#primaryimage\"},\"thumbnailUrl\":\"https:\\\/\\\/www.afprofilters.com\\\/wp-content\\\/uploads\\\/2018\\\/07\\\/Cover-Case-study-the-edge.png\",\"datePublished\":\"2018-07-09T12:11:21+00:00\",\"dateModified\":\"2022-08-09T13:31:30+00:00\",\"breadcrumb\":{\"@id\":\"https:\\\/\\\/www.afprofilters.com\\\/de\\\/the-edge-kommerzielle-gebaeude-raumklima-pm1-luftfilter\\\/#breadcrumb\"},\"inLanguage\":\"de-DE\",\"potentialAction\":[{\"@type\":\"ReadAction\",\"target\":[\"https:\\\/\\\/www.afprofilters.com\\\/de\\\/the-edge-kommerzielle-gebaeude-raumklima-pm1-luftfilter\\\/\"]}]},{\"@type\":\"ImageObject\",\"inLanguage\":\"de-DE\",\"@id\":\"https:\\\/\\\/www.afprofilters.com\\\/de\\\/the-edge-kommerzielle-gebaeude-raumklima-pm1-luftfilter\\\/#primaryimage\",\"url\":\"https:\\\/\\\/www.afprofilters.com\\\/wp-content\\\/uploads\\\/2018\\\/07\\\/Cover-Case-study-the-edge.png\",\"contentUrl\":\"https:\\\/\\\/www.afprofilters.com\\\/wp-content\\\/uploads\\\/2018\\\/07\\\/Cover-Case-study-the-edge.png\",\"width\":1200,\"height\":627,\"caption\":\"energiesparende und nachhaltige Entwicklung\"},{\"@type\":\"BreadcrumbList\",\"@id\":\"https:\\\/\\\/www.afprofilters.com\\\/de\\\/the-edge-kommerzielle-gebaeude-raumklima-pm1-luftfilter\\\/#breadcrumb\",\"itemListElement\":[{\"@type\":\"ListItem\",\"position\":1,\"name\":\"\",\"item\":\"https:\\\/\\\/www.afprofilters.com\\\/de\\\/\"},{\"@type\":\"ListItem\",\"position\":2,\"name\":\"Fallstudien\",\"item\":\"https:\\\/\\\/www.afprofilters.com\\\/de\\\/category\\\/fallstudien\\\/\"},{\"@type\":\"ListItem\",\"position\":3,\"name\":\"The EDGE &#8211; Europas nachhaltigstes Geb\u00e4ude macht weiteren Schritt in Richtung gesundes Raumklima\"}]},{\"@type\":\"WebSite\",\"@id\":\"https:\\\/\\\/www.afprofilters.com\\\/de\\\/#website\",\"url\":\"https:\\\/\\\/www.afprofilters.com\\\/de\\\/\",\"name\":\"AFPRO\",\"description\":\"AFPRO Filters\",\"publisher\":{\"@id\":\"https:\\\/\\\/www.afprofilters.com\\\/de\\\/#organization\"},\"potentialAction\":[{\"@type\":\"SearchAction\",\"target\":{\"@type\":\"EntryPoint\",\"urlTemplate\":\"https:\\\/\\\/www.afprofilters.com\\\/de\\\/?s={search_term_string}\"},\"query-input\":{\"@type\":\"PropertyValueSpecification\",\"valueRequired\":true,\"valueName\":\"search_term_string\"}}],\"inLanguage\":\"de-DE\"},{\"@type\":\"Organization\",\"@id\":\"https:\\\/\\\/www.afprofilters.com\\\/de\\\/#organization\",\"name\":\"AFPRO\",\"url\":\"https:\\\/\\\/www.afprofilters.com\\\/de\\\/\",\"logo\":{\"@type\":\"ImageObject\",\"inLanguage\":\"de-DE\",\"@id\":\"https:\\\/\\\/www.afprofilters.com\\\/de\\\/#\\\/schema\\\/logo\\\/image\\\/\",\"url\":\"https:\\\/\\\/www.afprofilters.com\\\/wp-content\\\/uploads\\\/2021\\\/05\\\/AFPRO-logo.png\",\"contentUrl\":\"https:\\\/\\\/www.afprofilters.com\\\/wp-content\\\/uploads\\\/2021\\\/05\\\/AFPRO-logo.png\",\"width\":640,\"height\":177,\"caption\":\"AFPRO\"},\"image\":{\"@id\":\"https:\\\/\\\/www.afprofilters.com\\\/de\\\/#\\\/schema\\\/logo\\\/image\\\/\"}},{\"@type\":\"Person\",\"@id\":\"https:\\\/\\\/www.afprofilters.com\\\/de\\\/#\\\/schema\\\/person\\\/d138fabdd8f877bd8aef32619aaab52c\",\"name\":\"Camille Sabos\",\"image\":{\"@type\":\"ImageObject\",\"inLanguage\":\"de-DE\",\"@id\":\"https:\\\/\\\/secure.gravatar.com\\\/avatar\\\/c289ca2dbede5b0489edc4cce9c53be6ebe135689ae3a0daea681083ca262ba4?s=96&d=mm&r=g\",\"url\":\"https:\\\/\\\/secure.gravatar.com\\\/avatar\\\/c289ca2dbede5b0489edc4cce9c53be6ebe135689ae3a0daea681083ca262ba4?s=96&d=mm&r=g\",\"contentUrl\":\"https:\\\/\\\/secure.gravatar.com\\\/avatar\\\/c289ca2dbede5b0489edc4cce9c53be6ebe135689ae3a0daea681083ca262ba4?s=96&d=mm&r=g\",\"caption\":\"Camille Sabos\"},\"url\":\"https:\\\/\\\/www.afprofilters.com\\\/de\\\/author\\\/afpro-user\\\/\"}]}<\/script>\n<!-- \/ Yoast SEO plugin. -->","yoast_head_json":{"title":"The EDGE - Europas nachhaltigstes Geb\u00e4ude macht weiteren Schritt in Richtung gesundes Raumklima - AFPRO","robots":{"index":"index","follow":"follow","max-snippet":"max-snippet:-1","max-image-preview":"max-image-preview:large","max-video-preview":"max-video-preview:-1"},"canonical":"https:\/\/www.afprofilters.com\/de\/the-edge-kommerzielle-gebaeude-raumklima-pm1-luftfilter\/","og_locale":"de_DE","og_type":"article","og_title":"The EDGE - Europas nachhaltigstes Geb\u00e4ude macht weiteren Schritt in Richtung gesundes Raumklima - AFPRO","og_description":"Das nachhaltigste B\u00fcrogeb\u00e4ude Europas \u201aThe Edge\u2018 befindet sich im Stadtteil Zuidas in Amsterdam. Das Geb\u00e4ude erreichte dank intelligenter technologischer Innovationen eine Nachhaltigkeitsbewertung von 98,36% (BREEAM-NL). Das von OVG-Real Estate entwickelte Geb\u00e4ude hat eine Bodenfl\u00e4che von 35.000m. und wurde energieeffizient und nachhaltig gebaut. \u201aThe Edge\u2018 verdankt seinen Namen seiner beeindruckenden Form mit scharfen Kanten.&nbsp; Ein Beispiel [&hellip;]","og_url":"https:\/\/www.afprofilters.com\/de\/the-edge-kommerzielle-gebaeude-raumklima-pm1-luftfilter\/","og_site_name":"AFPRO","article_published_time":"2018-07-09T12:11:21+00:00","article_modified_time":"2022-08-09T13:31:30+00:00","og_image":[{"width":1200,"height":627,"url":"http:\/\/www.afprofilters.com\/wp-content\/uploads\/2018\/07\/Cover-Case-study-the-edge.png","type":"image\/png"}],"author":"Camille Sabos","twitter_card":"summary_large_image","twitter_misc":{"Verfasst von":"Camille Sabos","Gesch\u00e4tzte Lesezeit":"4 Minuten"},"schema":{"@context":"https:\/\/schema.org","@graph":[{"@type":"Article","@id":"https:\/\/www.afprofilters.com\/de\/the-edge-kommerzielle-gebaeude-raumklima-pm1-luftfilter\/#article","isPartOf":{"@id":"https:\/\/www.afprofilters.com\/de\/the-edge-kommerzielle-gebaeude-raumklima-pm1-luftfilter\/"},"author":{"name":"Camille Sabos","@id":"https:\/\/www.afprofilters.com\/de\/#\/schema\/person\/d138fabdd8f877bd8aef32619aaab52c"},"headline":"The EDGE &#8211; Europas nachhaltigstes Geb\u00e4ude macht weiteren Schritt in Richtung gesundes Raumklima","datePublished":"2018-07-09T12:11:21+00:00","dateModified":"2022-08-09T13:31:30+00:00","mainEntityOfPage":{"@id":"https:\/\/www.afprofilters.com\/de\/the-edge-kommerzielle-gebaeude-raumklima-pm1-luftfilter\/"},"wordCount":766,"commentCount":0,"publisher":{"@id":"https:\/\/www.afprofilters.com\/de\/#organization"},"image":{"@id":"https:\/\/www.afprofilters.com\/de\/the-edge-kommerzielle-gebaeude-raumklima-pm1-luftfilter\/#primaryimage"},"thumbnailUrl":"https:\/\/www.afprofilters.com\/wp-content\/uploads\/2018\/07\/Cover-Case-study-the-edge.png","keywords":["the edge"],"articleSection":["Fallstudien"],"inLanguage":"de-DE","potentialAction":[{"@type":"CommentAction","name":"Comment","target":["https:\/\/www.afprofilters.com\/de\/the-edge-kommerzielle-gebaeude-raumklima-pm1-luftfilter\/#respond"]}]},{"@type":"WebPage","@id":"https:\/\/www.afprofilters.com\/de\/the-edge-kommerzielle-gebaeude-raumklima-pm1-luftfilter\/","url":"https:\/\/www.afprofilters.com\/de\/the-edge-kommerzielle-gebaeude-raumklima-pm1-luftfilter\/","name":"The EDGE - Europas nachhaltigstes Geb\u00e4ude macht weiteren Schritt in Richtung gesundes Raumklima - AFPRO","isPartOf":{"@id":"https:\/\/www.afprofilters.com\/de\/#website"},"primaryImageOfPage":{"@id":"https:\/\/www.afprofilters.com\/de\/the-edge-kommerzielle-gebaeude-raumklima-pm1-luftfilter\/#primaryimage"},"image":{"@id":"https:\/\/www.afprofilters.com\/de\/the-edge-kommerzielle-gebaeude-raumklima-pm1-luftfilter\/#primaryimage"},"thumbnailUrl":"https:\/\/www.afprofilters.com\/wp-content\/uploads\/2018\/07\/Cover-Case-study-the-edge.png","datePublished":"2018-07-09T12:11:21+00:00","dateModified":"2022-08-09T13:31:30+00:00","breadcrumb":{"@id":"https:\/\/www.afprofilters.com\/de\/the-edge-kommerzielle-gebaeude-raumklima-pm1-luftfilter\/#breadcrumb"},"inLanguage":"de-DE","potentialAction":[{"@type":"ReadAction","target":["https:\/\/www.afprofilters.com\/de\/the-edge-kommerzielle-gebaeude-raumklima-pm1-luftfilter\/"]}]},{"@type":"ImageObject","inLanguage":"de-DE","@id":"https:\/\/www.afprofilters.com\/de\/the-edge-kommerzielle-gebaeude-raumklima-pm1-luftfilter\/#primaryimage","url":"https:\/\/www.afprofilters.com\/wp-content\/uploads\/2018\/07\/Cover-Case-study-the-edge.png","contentUrl":"https:\/\/www.afprofilters.com\/wp-content\/uploads\/2018\/07\/Cover-Case-study-the-edge.png","width":1200,"height":627,"caption":"energiesparende und nachhaltige Entwicklung"},{"@type":"BreadcrumbList","@id":"https:\/\/www.afprofilters.com\/de\/the-edge-kommerzielle-gebaeude-raumklima-pm1-luftfilter\/#breadcrumb","itemListElement":[{"@type":"ListItem","position":1,"name":"","item":"https:\/\/www.afprofilters.com\/de\/"},{"@type":"ListItem","position":2,"name":"Fallstudien","item":"https:\/\/www.afprofilters.com\/de\/category\/fallstudien\/"},{"@type":"ListItem","position":3,"name":"The EDGE &#8211; Europas nachhaltigstes Geb\u00e4ude macht weiteren Schritt in Richtung gesundes Raumklima"}]},{"@type":"WebSite","@id":"https:\/\/www.afprofilters.com\/de\/#website","url":"https:\/\/www.afprofilters.com\/de\/","name":"AFPRO","description":"AFPRO Filters","publisher":{"@id":"https:\/\/www.afprofilters.com\/de\/#organization"},"potentialAction":[{"@type":"SearchAction","target":{"@type":"EntryPoint","urlTemplate":"https:\/\/www.afprofilters.com\/de\/?s={search_term_string}"},"query-input":{"@type":"PropertyValueSpecification","valueRequired":true,"valueName":"search_term_string"}}],"inLanguage":"de-DE"},{"@type":"Organization","@id":"https:\/\/www.afprofilters.com\/de\/#organization","name":"AFPRO","url":"https:\/\/www.afprofilters.com\/de\/","logo":{"@type":"ImageObject","inLanguage":"de-DE","@id":"https:\/\/www.afprofilters.com\/de\/#\/schema\/logo\/image\/","url":"https:\/\/www.afprofilters.com\/wp-content\/uploads\/2021\/05\/AFPRO-logo.png","contentUrl":"https:\/\/www.afprofilters.com\/wp-content\/uploads\/2021\/05\/AFPRO-logo.png","width":640,"height":177,"caption":"AFPRO"},"image":{"@id":"https:\/\/www.afprofilters.com\/de\/#\/schema\/logo\/image\/"}},{"@type":"Person","@id":"https:\/\/www.afprofilters.com\/de\/#\/schema\/person\/d138fabdd8f877bd8aef32619aaab52c","name":"Camille Sabos","image":{"@type":"ImageObject","inLanguage":"de-DE","@id":"https:\/\/secure.gravatar.com\/avatar\/c289ca2dbede5b0489edc4cce9c53be6ebe135689ae3a0daea681083ca262ba4?s=96&d=mm&r=g","url":"https:\/\/secure.gravatar.com\/avatar\/c289ca2dbede5b0489edc4cce9c53be6ebe135689ae3a0daea681083ca262ba4?s=96&d=mm&r=g","contentUrl":"https:\/\/secure.gravatar.com\/avatar\/c289ca2dbede5b0489edc4cce9c53be6ebe135689ae3a0daea681083ca262ba4?s=96&d=mm&r=g","caption":"Camille Sabos"},"url":"https:\/\/www.afprofilters.com\/de\/author\/afpro-user\/"}]}},"_links":{"self":[{"href":"https:\/\/www.afprofilters.com\/de\/wp-json\/wp\/v2\/posts\/8680","targetHints":{"allow":["GET"]}}],"collection":[{"href":"https:\/\/www.afprofilters.com\/de\/wp-json\/wp\/v2\/posts"}],"about":[{"href":"https:\/\/www.afprofilters.com\/de\/wp-json\/wp\/v2\/types\/post"}],"author":[{"embeddable":true,"href":"https:\/\/www.afprofilters.com\/de\/wp-json\/wp\/v2\/users\/2"}],"replies":[{"embeddable":true,"href":"https:\/\/www.afprofilters.com\/de\/wp-json\/wp\/v2\/comments?post=8680"}],"version-history":[{"count":0,"href":"https:\/\/www.afprofilters.com\/de\/wp-json\/wp\/v2\/posts\/8680\/revisions"}],"wp:featuredmedia":[{"embeddable":true,"href":"https:\/\/www.afprofilters.com\/de\/wp-json\/wp\/v2\/media\/31913"}],"wp:attachment":[{"href":"https:\/\/www.afprofilters.com\/de\/wp-json\/wp\/v2\/media?parent=8680"}],"wp:term":[{"taxonomy":"category","embeddable":true,"href":"https:\/\/www.afprofilters.com\/de\/wp-json\/wp\/v2\/categories?post=8680"},{"taxonomy":"post_tag","embeddable":true,"href":"https:\/\/www.afprofilters.com\/de\/wp-json\/wp\/v2\/tags?post=8680"}],"curies":[{"name":"wp","href":"https:\/\/api.w.org\/{rel}","templated":true}]}}